{"id":3291,"date":"2025-06-18T19:18:01","date_gmt":"2025-06-18T23:18:01","guid":{"rendered":"https:\/\/www.soberaniaalimentaria.gob.bo\/?p=3291"},"modified":"2025-06-18T19:18:01","modified_gmt":"2025-06-18T23:18:01","slug":"hemos-incrementado-rendimientos-de-la-haba-en-un-100","status":"publish","type":"post","link":"https:\/\/www.soberaniaalimentaria.gob.bo\/?p=3291","title":{"rendered":"\u201cHEMOS INCREMENTADO RENDIMIENTOS DE LA HABA EN UN 100%\u201d"},"content":{"rendered":"<p>18 de junio de 2025\/Prensa IPDSA &#8211; MDRyT<\/p>\n<p>\u201cSoy Graciela Ramos, de la comunidad de Santa Ana, municipio de Copacabana, departamento de la Paz, beneficiaria de Proyecto de Hortalizas de Soberan\u00eda Alimentaria, del Ministerio de Desarrollo Rural y Tierras, voy a hablar de mi parcela, el a\u00f1o pasado he cosechado 5 arrobas, este a\u00f1o, con participaci\u00f3n del proyecto he cosechado 10 y 11 arrobas de haba de la variedad \u201cGigante Copacabana\u201d, claro luego de consumir diariamente el fruto fresco y llevar algo al mercado. \u00a0Para m\u00ed, esta experiencia es alegr\u00eda, es buena cosecha, que esperemos se mantenga para beneficio de nuestras familias\u201d.<\/p>\n<p>La productora Graciela Ramos se pronunci\u00f3 as\u00ed tras cumplir una inspecci\u00f3n y evaluaci\u00f3n de rendimientos al cultivo de Haba, realizada este 18 de junio, encabezada por el Ing. Celso Apaza Bustos, Director General Ejecutivo de la Instituci\u00f3n P\u00fablica Desconcentrada Soberan\u00eda Alimentaria y del Ing. Ronald Fern\u00e1ndez, Responsable del Proyecto\u201c Fortalecimiento de Capacidades en Producci\u00f3n Primaria, Cosecha, Pos Cosecha y Comercializaci\u00f3n de Hortalizas de los Cultivos de Tomate, Zanahoria, Cebolla, Haba y Arveja para la Seguridad y Soberan\u00eda Alimentaria en Bolivia\u201d.<\/p>\n<p>\u201cEste a\u00f1o la Madre Tierra nos ha bendecido con buena producci\u00f3n, la variedad Gigante Copacabana se ha adaptado exitosamente\u201d, complement\u00f3 Ramos al tiempo de felicitar el trabajo de t\u00e9cnicos de campo, autoridades del proyecto, del Ministerio de Desarrollo Rural y Tierras y del hermano Luis Arce, Presidente del Estado Plurinacional de Bolivia.<\/p>\n","protected":false},"excerpt":{"rendered":"<p>18 de junio de 2025\/Prensa IPDSA &#8211; MDRyT \u201cSoy Graciela Ramos, de la comunidad de Santa Ana, municipio de Copacabana, departamento de la Paz, beneficiaria de Proyecto de Hortalizas de Soberan\u00eda Alimentaria, del Ministerio de Desarrollo Rural y Tierras, voy a hablar de mi parcela, el a\u00f1o pasado he cosechado 5 arrobas, este a\u00f1o, con [&hellip;]<\/p>\n","protected":false},"author":5,"featured_media":3294,"comment_status":"open","ping_status":"open","sticky":false,"template":"","format":"standard","meta":{"_acf_changed":false,"footnotes":""},"categories":[29],"tags":[],"class_list":["post-3291","post","type-post","status-publish","format-standard","has-post-thumbnail","hentry","category-nota-de-prensa"],"acf":[],"_links":{"self":[{"href":"https:\/\/www.soberaniaalimentaria.gob.bo\/index.php?rest_route=\/wp\/v2\/posts\/3291","targetHints":{"allow":["GET"]}}],"collection":[{"href":"https:\/\/www.soberaniaalimentaria.gob.bo\/index.php?rest_route=\/wp\/v2\/posts"}],"about":[{"href":"https:\/\/www.soberaniaalimentaria.gob.bo\/index.php?rest_route=\/wp\/v2\/types\/post"}],"author":[{"embeddable":true,"href":"https:\/\/www.soberaniaalimentaria.gob.bo\/index.php?rest_route=\/wp\/v2\/users\/5"}],"replies":[{"embeddable":true,"href":"https:\/\/www.soberaniaalimentaria.gob.bo\/index.php?rest_route=%2Fwp%2Fv2%2Fcomments&post=3291"}],"version-history":[{"count":1,"href":"https:\/\/www.soberaniaalimentaria.gob.bo\/index.php?rest_route=\/wp\/v2\/posts\/3291\/revisions"}],"predecessor-version":[{"id":3295,"href":"https:\/\/www.soberaniaalimentaria.gob.bo\/index.php?rest_route=\/wp\/v2\/posts\/3291\/revisions\/3295"}],"wp:featuredmedia":[{"embeddable":true,"href":"https:\/\/www.soberaniaalimentaria.gob.bo\/index.php?rest_route=\/wp\/v2\/media\/3294"}],"wp:attachment":[{"href":"https:\/\/www.soberaniaalimentaria.gob.bo\/index.php?rest_route=%2Fwp%2Fv2%2Fmedia&parent=3291"}],"wp:term":[{"taxonomy":"category","embeddable":true,"href":"https:\/\/www.soberaniaalimentaria.gob.bo\/index.php?rest_route=%2Fwp%2Fv2%2Fcategories&post=3291"},{"taxonomy":"post_tag","embeddable":true,"href":"https:\/\/www.soberaniaalimentaria.gob.bo\/index.php?rest_route=%2Fwp%2Fv2%2Ftags&post=3291"}],"curies":[{"name":"wp","href":"https:\/\/api.w.org\/{rel}","templated":true}]}}