{"id":2253,"date":"2024-05-29T20:47:26","date_gmt":"2024-05-30T00:47:26","guid":{"rendered":"https:\/\/www.soberaniaalimentaria.gob.bo\/?p=2253"},"modified":"2024-08-05T12:35:52","modified_gmt":"2024-08-05T16:35:52","slug":"bolivia-celebra-el-dia-internacional-de-la-papa","status":"publish","type":"post","link":"https:\/\/www.soberaniaalimentaria.gob.bo\/?p=2253","title":{"rendered":"Bolivia Celebr\u00f3 en Unidad el D\u00eda Internacional de la Papa"},"content":{"rendered":"<p><strong>29 de mayo de 2024, Prensa IPDSA\/MDRyT:<\/strong><\/p>\n<p>Bajo el lema \u201cCosechar la diversidad, alimentar la esperanza\u201d, este 30 de mayo se celebrar\u00e1 por primera vez en todo el mundo el D\u00eda Internacional de la Papa, una iniciativa establecida por la Asamblea General de las Naciones Unidas (ONU), oportunidad en la que Bolivia muestra al mundo su amplia y rica variedad de producci\u00f3n.<\/p>\n<p>La ceremonia se llev\u00f3 a cabo este 29 de mayo, en el sal\u00f3n Gandarillas del edificio central del MDRyT con participaci\u00f3n de Ramiro Guerrero Pe\u00f1aranda, Viceministro de Tierras; Hugo Janco Colquejanco, Director General Ejecutivo de la Instituci\u00f3n P\u00fablica Desconcentrada Soberan\u00eda Alimentaria; Rosse Noda, Representante de la Organizaci\u00f3n de las Naciones Unidas para la Agricultura y la Alimentaci\u00f3n; Sandra Nistauz, Directora del Proyecto Mercados Inclusivos de la Cooperaci\u00f3n Suecia y la Uni\u00f3n Europea; Marcelino Rodr\u00edguez Aro, Coordinador del Programa Nacional de Tub\u00e9rculos y Ra\u00edces, productores de papa de la comunidad de Caluyo del municipio de Colquiri; recetas y bandejadas en base a papa de la Asociaci\u00f3n Boliviana Chef y la conocida gastr\u00f3noma Carol Ayoroa.<\/p>\n<p>El viceministro Guerrero, destac\u00f3 el compromiso del gobierno nacional de apoyar al mediano y peque\u00f1o productor de papa, con suficientes recursos econ\u00f3micos, capacitaci\u00f3n, transferencia de semilla de papa certificada y tecnolog\u00eda adecuada.<\/p>\n<p>Hugo Janco, Director General Ejecutivo de la Instituci\u00f3n P\u00fablica Desconcentrada Soberan\u00eda Alimentaria (IPD-SA), inform\u00f3 que actualmente en Bolivia existen m\u00e1s de 1.200 variedades mejoradas de papa.<\/p>\n<p>Janco, destac\u00f3 el compromiso del gobierno nacional, del Presidente Luis Arce en particular, de garantizar una inversi\u00f3n superior a 767. 858 millones de bolivianos para el fomento de la producci\u00f3n de papa en Bolivia, precis\u00f3 que son 149 mil beneficiarios entre peque\u00f1os y medianos productores de papa.<\/p>\n<p>En diciembre de 2023, la Asamblea General decidi\u00f3 designar el 30 de mayo como D\u00eda Internacional de la Papa con el objetivo de concienciar sobre los m\u00faltiples valores nutricionales, econ\u00f3micos, ambientales y culturales de la papa.<\/p>\n<p>La celebraci\u00f3n del D\u00eda Internacional de la Papa se ajusta al Marco estrat\u00e9gico de la FAO para 2022-2031, que apoya la Agenda 2030 para el Desarrollo Sostenible de las Naciones Unidas mediante la trasformaci\u00f3n hacia sistemas agroalimentarios m\u00e1s eficientes, inclusivos, resilientes y sostenibles para conseguir una mejor producci\u00f3n, una mejor nutrici\u00f3n, un mejor medio ambiente y una vida mejor sin dejar a nadie atr\u00e1s.<\/p>\n","protected":false},"excerpt":{"rendered":"<p>29 de mayo de 2024, Prensa IPDSA\/MDRyT: Bajo el lema \u201cCosechar la diversidad, alimentar la esperanza\u201d, este 30 de mayo se celebrar\u00e1 por primera vez en todo el mundo el D\u00eda Internacional de la Papa, una iniciativa establecida por la Asamblea General de las Naciones Unidas (ONU), oportunidad en la que Bolivia muestra al mundo [&hellip;]<\/p>\n","protected":false},"author":5,"featured_media":2254,"comment_status":"open","ping_status":"open","sticky":false,"template":"","format":"standard","meta":{"_acf_changed":false,"footnotes":""},"categories":[29],"tags":[],"class_list":["post-2253","post","type-post","status-publish","format-standard","has-post-thumbnail","hentry","category-nota-de-prensa"],"acf":[],"_links":{"self":[{"href":"https:\/\/www.soberaniaalimentaria.gob.bo\/index.php?rest_route=\/wp\/v2\/posts\/2253","targetHints":{"allow":["GET"]}}],"collection":[{"href":"https:\/\/www.soberaniaalimentaria.gob.bo\/index.php?rest_route=\/wp\/v2\/posts"}],"about":[{"href":"https:\/\/www.soberaniaalimentaria.gob.bo\/index.php?rest_route=\/wp\/v2\/types\/post"}],"author":[{"embeddable":true,"href":"https:\/\/www.soberaniaalimentaria.gob.bo\/index.php?rest_route=\/wp\/v2\/users\/5"}],"replies":[{"embeddable":true,"href":"https:\/\/www.soberaniaalimentaria.gob.bo\/index.php?rest_route=%2Fwp%2Fv2%2Fcomments&post=2253"}],"version-history":[{"count":4,"href":"https:\/\/www.soberaniaalimentaria.gob.bo\/index.php?rest_route=\/wp\/v2\/posts\/2253\/revisions"}],"predecessor-version":[{"id":2350,"href":"https:\/\/www.soberaniaalimentaria.gob.bo\/index.php?rest_route=\/wp\/v2\/posts\/2253\/revisions\/2350"}],"wp:featuredmedia":[{"embeddable":true,"href":"https:\/\/www.soberaniaalimentaria.gob.bo\/index.php?rest_route=\/wp\/v2\/media\/2254"}],"wp:attachment":[{"href":"https:\/\/www.soberaniaalimentaria.gob.bo\/index.php?rest_route=%2Fwp%2Fv2%2Fmedia&parent=2253"}],"wp:term":[{"taxonomy":"category","embeddable":true,"href":"https:\/\/www.soberaniaalimentaria.gob.bo\/index.php?rest_route=%2Fwp%2Fv2%2Fcategories&post=2253"},{"taxonomy":"post_tag","embeddable":true,"href":"https:\/\/www.soberaniaalimentaria.gob.bo\/index.php?rest_route=%2Fwp%2Fv2%2Ftags&post=2253"}],"curies":[{"name":"wp","href":"https:\/\/api.w.org\/{rel}","templated":true}]}}