{"id":1728,"date":"2024-03-21T15:00:08","date_gmt":"2024-03-21T19:00:08","guid":{"rendered":"https:\/\/www.soberaniaalimentaria.gob.bo\/?p=1728"},"modified":"2024-03-21T15:34:51","modified_gmt":"2024-03-21T19:34:51","slug":"con-alegria-y-agradecimiento-productores-de-arveja-de-charazani-recibieron-infraestructura-equipos-e-insumos-agricolas","status":"publish","type":"post","link":"https:\/\/www.soberaniaalimentaria.gob.bo\/?p=1728","title":{"rendered":"CON ALEGR\u00cdA Y AGRADECIMIENTO PRODUCTORES DE ARVEJA DE CHARAZANI RECIBIERON INFRAESTRUCTURA, EQUIPOS E INSUMOS AGR\u00cdCOLAS"},"content":{"rendered":"<p><strong>21 de marzo de 2024, Prensa IPDSA\/MDRyT:<\/strong><\/p>\n<p>El Ministerio de Desarrollo Rural y Tierras, a trav\u00e9s de su brazo ejecutor Soberan\u00eda Alimentaria, este 21 de marzo del a\u00f1o en curso, realiz\u00f3 la entrega de un almac\u00e9n para clasificaci\u00f3n, equipos e insumos agr\u00edcolas a los productores de arveja del municipio de Charazani<\/p>\n<p>El evento cont\u00f3 con la participaci\u00f3n del Director General Ejecutivo Ing. Hugo Janco Colquejanco; coordinador del Programa Nacional de Hortalizas, Ing. Ebed Quispe Calle, adem\u00e1s de autoridades municipales y comunales.<\/p>\n<p>El director de Soberan\u00eda Alimentaria, indic\u00f3 que la inversi\u00f3n del gobierno central es del 80% equivalente a Bs. 368.000.00 y un 20% correspondiente a Bs.- 92.000.00 por parte del gobierno municipal de Charazani, dando un total de Bs.- 460.000,00 mismos que beneficiaran a m\u00e1s de 150 productores de arveja de cinco comunidades del municipio.<\/p>\n<p>\u201cReciban un saludo de nuestro hermano presidente Lucho Arce y nuestro ministro Santos Condori, nosotros como Soberan\u00eda Alimentaria, bajo el mandato de nuestro presidente hacemos la entrega de estos equipos e insumos agr\u00edcolas a las y los hermanos productores de Charazani, para as\u00ed fortalecer la productividad del municipio\u201d, declar\u00f3 Janco.<\/p>\n<p>Adem\u00e1s, enfatiz\u00f3 que la producci\u00f3n debe enfocarse en la industrializaci\u00f3n para as\u00ed fortalecer el rendimiento y abasto de los diferentes productos de hortalizas que produce el municipio n\u00facleo de la cultura Kallawaya.<\/p>\n<p>En el marco del Programa Nacional de Hortalizas se viene ejecutando el proyecto fortalecimiento de capacidades en producci\u00f3n primaria, cosecha, pos cosecha y comercializaci\u00f3n de los cultivos de haba, zanahoria, cebolla, tomate y arveja para la seguridad y soberan\u00eda alimentaria en Bolivia; con la finalidad de fortalecer las capacidades de los productores del municipio de Charazani a trav\u00e9s de la incorporaci\u00f3n de nuevas tecnolog\u00edas que permitan incrementar los rendimientos y los vol\u00famenes producidos para reducir las importaciones de cultivos estrat\u00e9gicos.<\/p>\n","protected":false},"excerpt":{"rendered":"<p>21 de marzo de 2024, Prensa IPDSA\/MDRyT: El Ministerio de Desarrollo Rural y Tierras, a trav\u00e9s de su brazo ejecutor Soberan\u00eda Alimentaria, este 21 de marzo del a\u00f1o en curso, realiz\u00f3 la entrega de un almac\u00e9n para clasificaci\u00f3n, equipos e insumos agr\u00edcolas a los productores de arveja del municipio de Charazani El evento cont\u00f3 con [&hellip;]<\/p>\n","protected":false},"author":5,"featured_media":1729,"comment_status":"open","ping_status":"open","sticky":false,"template":"","format":"standard","meta":{"_acf_changed":false,"footnotes":""},"categories":[29],"tags":[],"class_list":["post-1728","post","type-post","status-publish","format-standard","has-post-thumbnail","hentry","category-nota-de-prensa"],"acf":[],"_links":{"self":[{"href":"https:\/\/www.soberaniaalimentaria.gob.bo\/index.php?rest_route=\/wp\/v2\/posts\/1728","targetHints":{"allow":["GET"]}}],"collection":[{"href":"https:\/\/www.soberaniaalimentaria.gob.bo\/index.php?rest_route=\/wp\/v2\/posts"}],"about":[{"href":"https:\/\/www.soberaniaalimentaria.gob.bo\/index.php?rest_route=\/wp\/v2\/types\/post"}],"author":[{"embeddable":true,"href":"https:\/\/www.soberaniaalimentaria.gob.bo\/index.php?rest_route=\/wp\/v2\/users\/5"}],"replies":[{"embeddable":true,"href":"https:\/\/www.soberaniaalimentaria.gob.bo\/index.php?rest_route=%2Fwp%2Fv2%2Fcomments&post=1728"}],"version-history":[{"count":3,"href":"https:\/\/www.soberaniaalimentaria.gob.bo\/index.php?rest_route=\/wp\/v2\/posts\/1728\/revisions"}],"predecessor-version":[{"id":1732,"href":"https:\/\/www.soberaniaalimentaria.gob.bo\/index.php?rest_route=\/wp\/v2\/posts\/1728\/revisions\/1732"}],"wp:featuredmedia":[{"embeddable":true,"href":"https:\/\/www.soberaniaalimentaria.gob.bo\/index.php?rest_route=\/wp\/v2\/media\/1729"}],"wp:attachment":[{"href":"https:\/\/www.soberaniaalimentaria.gob.bo\/index.php?rest_route=%2Fwp%2Fv2%2Fmedia&parent=1728"}],"wp:term":[{"taxonomy":"category","embeddable":true,"href":"https:\/\/www.soberaniaalimentaria.gob.bo\/index.php?rest_route=%2Fwp%2Fv2%2Fcategories&post=1728"},{"taxonomy":"post_tag","embeddable":true,"href":"https:\/\/www.soberaniaalimentaria.gob.bo\/index.php?rest_route=%2Fwp%2Fv2%2Ftags&post=1728"}],"curies":[{"name":"wp","href":"https:\/\/api.w.org\/{rel}","templated":true}]}}